{"id":7426,"date":"2025-03-17T08:53:16","date_gmt":"2025-03-17T08:53:16","guid":{"rendered":"https:\/\/www.ibd-wt.de\/2025\/03\/17\/po-raz-piaty-z-rzedu-wyrozniona-renomowanym-certyfikatem-wiarygodnosci-kredytowej-creditreform\/"},"modified":"2025-03-17T08:53:16","modified_gmt":"2025-03-17T08:53:16","slug":"po-raz-piaty-z-rzedu-wyrozniona-renomowanym-certyfikatem-wiarygodnosci-kredytowej-creditreform","status":"publish","type":"post","link":"https:\/\/www.ibd-wt.de\/pl\/2025\/03\/17\/po-raz-piaty-z-rzedu-wyrozniona-renomowanym-certyfikatem-wiarygodnosci-kredytowej-creditreform\/","title":{"rendered":"Po raz pi\u0105ty z rz\u0119du wyr\u00f3\u017cniona renomowanym certyfikatem wiarygodno\u015bci kredytowej Creditreform"},"content":{"rendered":"<p>IBD Wickeltechnik GmbH ponownie otrzyma\u0142a presti\u017cowy certyfikat wiarygodno\u015bci kredytowej Creditreform. Ju\u017c po raz pi\u0105ty z rz\u0119du nasza firma zosta\u0142a doceniona za doskona\u0142\u0105 zdolno\u015b\u0107 kredytow\u0105 i stabiln\u0105 struktur\u0119 finansow\u0105. To presti\u017cowe wyr\u00f3\u017cnienie potwierdza ci\u0105g\u0142e spe\u0142nianie wymagaj\u0105cych kryteri\u00f3w certyfikacji i podkre\u015bla zr\u00f3wnowa\u017cone zarz\u0105dzanie IBD Wickeltechnik GmbH.  <\/p>\n<p>Zaufanie naszych klient\u00f3w i partner\u00f3w jest wzmacniane przez to potwierdzenie naszej stabilno\u015bci finansowej. IBD Wickeltechnik GmbH pozostaje wierna swojemu zobowi\u0105zaniu do wyznaczania najwy\u017cszych standard\u00f3w w zakresie jako\u015bci i innowacji, aby zapewni\u0107 d\u0142ugoterminowy sukces i sprosta\u0107 oczekiwaniom swoich klient\u00f3w. <\/p>\n","protected":false},"excerpt":{"rendered":"<p>IBD Wickeltechnik GmbH ponownie otrzyma\u0142a presti\u017cowy certyfikat wiarygodno\u015bci kredytowej Creditreform.  [&#8230;]<\/p>\n","protected":false},"author":1,"featured_media":7427,"comment_status":"open","ping_status":"open","sticky":false,"template":"","format":"standard","meta":{"_acf_changed":false,"footnotes":""},"categories":[116],"tags":[],"class_list":["post-7426","post","type-post","status-publish","format-standard","has-post-thumbnail","hentry","category-aktualnosci"],"acf":[],"yoast_head":"<!-- This site is optimized with the Yoast SEO Premium plugin v27.4 (Yoast SEO v27.4) - https:\/\/yoast.com\/product\/yoast-seo-premium-wordpress\/ -->\n<title>Po raz pi\u0105ty z rz\u0119du wyr\u00f3\u017cniona renomowanym certyfikatem wiarygodno\u015bci kredytowej Creditreform - IBD Wickeltechnik GmbH<\/title>\n<meta name=\"robots\" content=\"index, follow, max-snippet:-1, max-image-preview:large, max-video-preview:-1\" \/>\n<link rel=\"canonical\" href=\"https:\/\/www.ibd-wt.de\/pl\/2025\/03\/17\/po-raz-piaty-z-rzedu-wyrozniona-renomowanym-certyfikatem-wiarygodnosci-kredytowej-creditreform\/\" \/>\n<meta property=\"og:locale\" content=\"pl_PL\" \/>\n<meta property=\"og:type\" content=\"article\" \/>\n<meta property=\"og:title\" content=\"Po raz pi\u0105ty z rz\u0119du wyr\u00f3\u017cniona renomowanym certyfikatem wiarygodno\u015bci kredytowej Creditreform\" \/>\n<meta property=\"og:description\" content=\"IBD Wickeltechnik GmbH ponownie otrzyma\u0142a presti\u017cowy certyfikat wiarygodno\u015bci kredytowej Creditreform. [...]\" \/>\n<meta property=\"og:url\" content=\"https:\/\/www.ibd-wt.de\/pl\/2025\/03\/17\/po-raz-piaty-z-rzedu-wyrozniona-renomowanym-certyfikatem-wiarygodnosci-kredytowej-creditreform\/\" \/>\n<meta property=\"og:site_name\" content=\"IBD Wickeltechnik GmbH\" \/>\n<meta property=\"article:publisher\" content=\"https:\/\/www.linkedin.com\/company\/9506296\/admin\" \/>\n<meta property=\"article:published_time\" content=\"2025-03-17T08:53:16+00:00\" \/>\n<meta property=\"og:image\" content=\"https:\/\/www.ibd-wt.de\/wp-content\/uploads\/2025\/03\/zert.jpg\" \/>\n\t<meta property=\"og:image:width\" content=\"800\" \/>\n\t<meta property=\"og:image:height\" content=\"450\" \/>\n\t<meta property=\"og:image:type\" content=\"image\/jpeg\" \/>\n<meta name=\"author\" content=\"SKuehne\" \/>\n<meta name=\"twitter:card\" content=\"summary_large_image\" \/>\n<meta name=\"twitter:label1\" content=\"Napisane przez\" \/>\n\t<meta name=\"twitter:data1\" content=\"SKuehne\" \/>\n\t<meta name=\"twitter:label2\" content=\"Szacowany czas czytania\" \/>\n\t<meta name=\"twitter:data2\" content=\"1 minuta\" \/>\n<script type=\"application\/ld+json\" class=\"yoast-schema-graph\">{\"@context\":\"https:\\\/\\\/schema.org\",\"@graph\":[{\"@type\":\"Article\",\"@id\":\"https:\\\/\\\/www.ibd-wt.de\\\/pl\\\/2025\\\/03\\\/17\\\/po-raz-piaty-z-rzedu-wyrozniona-renomowanym-certyfikatem-wiarygodnosci-kredytowej-creditreform\\\/#article\",\"isPartOf\":{\"@id\":\"https:\\\/\\\/www.ibd-wt.de\\\/pl\\\/2025\\\/03\\\/17\\\/po-raz-piaty-z-rzedu-wyrozniona-renomowanym-certyfikatem-wiarygodnosci-kredytowej-creditreform\\\/\"},\"author\":{\"name\":\"SKuehne\",\"@id\":\"https:\\\/\\\/www.ibd-wt.de\\\/pl\\\/#\\\/schema\\\/person\\\/7d595f4b503784a60e8be1d6a3c3d7da\"},\"headline\":\"Po raz pi\u0105ty z rz\u0119du wyr\u00f3\u017cniona renomowanym certyfikatem wiarygodno\u015bci kredytowej Creditreform\",\"datePublished\":\"2025-03-17T08:53:16+00:00\",\"mainEntityOfPage\":{\"@id\":\"https:\\\/\\\/www.ibd-wt.de\\\/pl\\\/2025\\\/03\\\/17\\\/po-raz-piaty-z-rzedu-wyrozniona-renomowanym-certyfikatem-wiarygodnosci-kredytowej-creditreform\\\/\"},\"wordCount\":123,\"commentCount\":0,\"publisher\":{\"@id\":\"https:\\\/\\\/www.ibd-wt.de\\\/pl\\\/#organization\"},\"image\":{\"@id\":\"https:\\\/\\\/www.ibd-wt.de\\\/pl\\\/2025\\\/03\\\/17\\\/po-raz-piaty-z-rzedu-wyrozniona-renomowanym-certyfikatem-wiarygodnosci-kredytowej-creditreform\\\/#primaryimage\"},\"thumbnailUrl\":\"https:\\\/\\\/www.ibd-wt.de\\\/wp-content\\\/uploads\\\/2025\\\/03\\\/zert.jpg\",\"articleSection\":[\"Aktualno\u015bci\"],\"inLanguage\":\"pl-PL\",\"potentialAction\":[{\"@type\":\"CommentAction\",\"name\":\"Comment\",\"target\":[\"https:\\\/\\\/www.ibd-wt.de\\\/pl\\\/2025\\\/03\\\/17\\\/po-raz-piaty-z-rzedu-wyrozniona-renomowanym-certyfikatem-wiarygodnosci-kredytowej-creditreform\\\/#respond\"]}]},{\"@type\":\"WebPage\",\"@id\":\"https:\\\/\\\/www.ibd-wt.de\\\/pl\\\/2025\\\/03\\\/17\\\/po-raz-piaty-z-rzedu-wyrozniona-renomowanym-certyfikatem-wiarygodnosci-kredytowej-creditreform\\\/\",\"url\":\"https:\\\/\\\/www.ibd-wt.de\\\/pl\\\/2025\\\/03\\\/17\\\/po-raz-piaty-z-rzedu-wyrozniona-renomowanym-certyfikatem-wiarygodnosci-kredytowej-creditreform\\\/\",\"name\":\"Po raz pi\u0105ty z rz\u0119du wyr\u00f3\u017cniona renomowanym certyfikatem wiarygodno\u015bci kredytowej Creditreform - IBD Wickeltechnik GmbH\",\"isPartOf\":{\"@id\":\"https:\\\/\\\/www.ibd-wt.de\\\/pl\\\/#website\"},\"primaryImageOfPage\":{\"@id\":\"https:\\\/\\\/www.ibd-wt.de\\\/pl\\\/2025\\\/03\\\/17\\\/po-raz-piaty-z-rzedu-wyrozniona-renomowanym-certyfikatem-wiarygodnosci-kredytowej-creditreform\\\/#primaryimage\"},\"image\":{\"@id\":\"https:\\\/\\\/www.ibd-wt.de\\\/pl\\\/2025\\\/03\\\/17\\\/po-raz-piaty-z-rzedu-wyrozniona-renomowanym-certyfikatem-wiarygodnosci-kredytowej-creditreform\\\/#primaryimage\"},\"thumbnailUrl\":\"https:\\\/\\\/www.ibd-wt.de\\\/wp-content\\\/uploads\\\/2025\\\/03\\\/zert.jpg\",\"datePublished\":\"2025-03-17T08:53:16+00:00\",\"breadcrumb\":{\"@id\":\"https:\\\/\\\/www.ibd-wt.de\\\/pl\\\/2025\\\/03\\\/17\\\/po-raz-piaty-z-rzedu-wyrozniona-renomowanym-certyfikatem-wiarygodnosci-kredytowej-creditreform\\\/#breadcrumb\"},\"inLanguage\":\"pl-PL\",\"potentialAction\":[{\"@type\":\"ReadAction\",\"target\":[\"https:\\\/\\\/www.ibd-wt.de\\\/pl\\\/2025\\\/03\\\/17\\\/po-raz-piaty-z-rzedu-wyrozniona-renomowanym-certyfikatem-wiarygodnosci-kredytowej-creditreform\\\/\"]}]},{\"@type\":\"ImageObject\",\"inLanguage\":\"pl-PL\",\"@id\":\"https:\\\/\\\/www.ibd-wt.de\\\/pl\\\/2025\\\/03\\\/17\\\/po-raz-piaty-z-rzedu-wyrozniona-renomowanym-certyfikatem-wiarygodnosci-kredytowej-creditreform\\\/#primaryimage\",\"url\":\"https:\\\/\\\/www.ibd-wt.de\\\/wp-content\\\/uploads\\\/2025\\\/03\\\/zert.jpg\",\"contentUrl\":\"https:\\\/\\\/www.ibd-wt.de\\\/wp-content\\\/uploads\\\/2025\\\/03\\\/zert.jpg\",\"width\":800,\"height\":450,\"caption\":\"Certyfikat wiarygodno\u015bci kredytowej\"},{\"@type\":\"BreadcrumbList\",\"@id\":\"https:\\\/\\\/www.ibd-wt.de\\\/pl\\\/2025\\\/03\\\/17\\\/po-raz-piaty-z-rzedu-wyrozniona-renomowanym-certyfikatem-wiarygodnosci-kredytowej-creditreform\\\/#breadcrumb\",\"itemListElement\":[{\"@type\":\"ListItem\",\"position\":1,\"name\":\"Strona g\u0142\u00f3wna\",\"item\":\"https:\\\/\\\/www.ibd-wt.de\\\/pl\\\/strona-glowna\\\/\"},{\"@type\":\"ListItem\",\"position\":2,\"name\":\"Po raz pi\u0105ty z rz\u0119du wyr\u00f3\u017cniona renomowanym certyfikatem wiarygodno\u015bci kredytowej Creditreform\"}]},{\"@type\":\"WebSite\",\"@id\":\"https:\\\/\\\/www.ibd-wt.de\\\/pl\\\/#website\",\"url\":\"https:\\\/\\\/www.ibd-wt.de\\\/pl\\\/\",\"name\":\"IBD Wickeltechnik GmbH\",\"description\":\"\",\"publisher\":{\"@id\":\"https:\\\/\\\/www.ibd-wt.de\\\/pl\\\/#organization\"},\"potentialAction\":[{\"@type\":\"SearchAction\",\"target\":{\"@type\":\"EntryPoint\",\"urlTemplate\":\"https:\\\/\\\/www.ibd-wt.de\\\/pl\\\/?s={search_term_string}\"},\"query-input\":{\"@type\":\"PropertyValueSpecification\",\"valueRequired\":true,\"valueName\":\"search_term_string\"}}],\"inLanguage\":\"pl-PL\"},{\"@type\":\"Organization\",\"@id\":\"https:\\\/\\\/www.ibd-wt.de\\\/pl\\\/#organization\",\"name\":\"IBD Wickeltechnik GmbH\",\"url\":\"https:\\\/\\\/www.ibd-wt.de\\\/pl\\\/\",\"logo\":{\"@type\":\"ImageObject\",\"inLanguage\":\"pl-PL\",\"@id\":\"https:\\\/\\\/www.ibd-wt.de\\\/pl\\\/#\\\/schema\\\/logo\\\/image\\\/\",\"url\":\"https:\\\/\\\/www.ibd-wt.de\\\/wp-content\\\/uploads\\\/2025\\\/03\\\/footer_logo.svg\",\"contentUrl\":\"https:\\\/\\\/www.ibd-wt.de\\\/wp-content\\\/uploads\\\/2025\\\/03\\\/footer_logo.svg\",\"width\":184,\"height\":36,\"caption\":\"IBD Wickeltechnik GmbH\"},\"image\":{\"@id\":\"https:\\\/\\\/www.ibd-wt.de\\\/pl\\\/#\\\/schema\\\/logo\\\/image\\\/\"},\"sameAs\":[\"https:\\\/\\\/www.linkedin.com\\\/company\\\/9506296\\\/admin\",\"https:\\\/\\\/www.youtube.com\\\/channel\\\/UClyShLXUKz8ksXFWg9z-aiQ?view_as=subscriber\",\"https:\\\/\\\/www.instagram.com\\\/ibd.wickeltechnik\\\/\"]},{\"@type\":\"Person\",\"@id\":\"https:\\\/\\\/www.ibd-wt.de\\\/pl\\\/#\\\/schema\\\/person\\\/7d595f4b503784a60e8be1d6a3c3d7da\",\"name\":\"SKuehne\",\"sameAs\":[\"https:\\\/\\\/bedln.myrdbx.io\"],\"url\":\"https:\\\/\\\/www.ibd-wt.de\\\/pl\\\/author\\\/skuehne\\\/\"}]}<\/script>\n<!-- \/ Yoast SEO Premium plugin. -->","yoast_head_json":{"title":"Po raz pi\u0105ty z rz\u0119du wyr\u00f3\u017cniona renomowanym certyfikatem wiarygodno\u015bci kredytowej Creditreform - IBD Wickeltechnik GmbH","robots":{"index":"index","follow":"follow","max-snippet":"max-snippet:-1","max-image-preview":"max-image-preview:large","max-video-preview":"max-video-preview:-1"},"canonical":"https:\/\/www.ibd-wt.de\/pl\/2025\/03\/17\/po-raz-piaty-z-rzedu-wyrozniona-renomowanym-certyfikatem-wiarygodnosci-kredytowej-creditreform\/","og_locale":"pl_PL","og_type":"article","og_title":"Po raz pi\u0105ty z rz\u0119du wyr\u00f3\u017cniona renomowanym certyfikatem wiarygodno\u015bci kredytowej Creditreform","og_description":"IBD Wickeltechnik GmbH ponownie otrzyma\u0142a presti\u017cowy certyfikat wiarygodno\u015bci kredytowej Creditreform. [...]","og_url":"https:\/\/www.ibd-wt.de\/pl\/2025\/03\/17\/po-raz-piaty-z-rzedu-wyrozniona-renomowanym-certyfikatem-wiarygodnosci-kredytowej-creditreform\/","og_site_name":"IBD Wickeltechnik GmbH","article_publisher":"https:\/\/www.linkedin.com\/company\/9506296\/admin","article_published_time":"2025-03-17T08:53:16+00:00","og_image":[{"width":800,"height":450,"url":"https:\/\/www.ibd-wt.de\/wp-content\/uploads\/2025\/03\/zert.jpg","type":"image\/jpeg"}],"author":"SKuehne","twitter_card":"summary_large_image","twitter_misc":{"Napisane przez":"SKuehne","Szacowany czas czytania":"1 minuta"},"schema":{"@context":"https:\/\/schema.org","@graph":[{"@type":"Article","@id":"https:\/\/www.ibd-wt.de\/pl\/2025\/03\/17\/po-raz-piaty-z-rzedu-wyrozniona-renomowanym-certyfikatem-wiarygodnosci-kredytowej-creditreform\/#article","isPartOf":{"@id":"https:\/\/www.ibd-wt.de\/pl\/2025\/03\/17\/po-raz-piaty-z-rzedu-wyrozniona-renomowanym-certyfikatem-wiarygodnosci-kredytowej-creditreform\/"},"author":{"name":"SKuehne","@id":"https:\/\/www.ibd-wt.de\/pl\/#\/schema\/person\/7d595f4b503784a60e8be1d6a3c3d7da"},"headline":"Po raz pi\u0105ty z rz\u0119du wyr\u00f3\u017cniona renomowanym certyfikatem wiarygodno\u015bci kredytowej Creditreform","datePublished":"2025-03-17T08:53:16+00:00","mainEntityOfPage":{"@id":"https:\/\/www.ibd-wt.de\/pl\/2025\/03\/17\/po-raz-piaty-z-rzedu-wyrozniona-renomowanym-certyfikatem-wiarygodnosci-kredytowej-creditreform\/"},"wordCount":123,"commentCount":0,"publisher":{"@id":"https:\/\/www.ibd-wt.de\/pl\/#organization"},"image":{"@id":"https:\/\/www.ibd-wt.de\/pl\/2025\/03\/17\/po-raz-piaty-z-rzedu-wyrozniona-renomowanym-certyfikatem-wiarygodnosci-kredytowej-creditreform\/#primaryimage"},"thumbnailUrl":"https:\/\/www.ibd-wt.de\/wp-content\/uploads\/2025\/03\/zert.jpg","articleSection":["Aktualno\u015bci"],"inLanguage":"pl-PL","potentialAction":[{"@type":"CommentAction","name":"Comment","target":["https:\/\/www.ibd-wt.de\/pl\/2025\/03\/17\/po-raz-piaty-z-rzedu-wyrozniona-renomowanym-certyfikatem-wiarygodnosci-kredytowej-creditreform\/#respond"]}]},{"@type":"WebPage","@id":"https:\/\/www.ibd-wt.de\/pl\/2025\/03\/17\/po-raz-piaty-z-rzedu-wyrozniona-renomowanym-certyfikatem-wiarygodnosci-kredytowej-creditreform\/","url":"https:\/\/www.ibd-wt.de\/pl\/2025\/03\/17\/po-raz-piaty-z-rzedu-wyrozniona-renomowanym-certyfikatem-wiarygodnosci-kredytowej-creditreform\/","name":"Po raz pi\u0105ty z rz\u0119du wyr\u00f3\u017cniona renomowanym certyfikatem wiarygodno\u015bci kredytowej Creditreform - IBD Wickeltechnik GmbH","isPartOf":{"@id":"https:\/\/www.ibd-wt.de\/pl\/#website"},"primaryImageOfPage":{"@id":"https:\/\/www.ibd-wt.de\/pl\/2025\/03\/17\/po-raz-piaty-z-rzedu-wyrozniona-renomowanym-certyfikatem-wiarygodnosci-kredytowej-creditreform\/#primaryimage"},"image":{"@id":"https:\/\/www.ibd-wt.de\/pl\/2025\/03\/17\/po-raz-piaty-z-rzedu-wyrozniona-renomowanym-certyfikatem-wiarygodnosci-kredytowej-creditreform\/#primaryimage"},"thumbnailUrl":"https:\/\/www.ibd-wt.de\/wp-content\/uploads\/2025\/03\/zert.jpg","datePublished":"2025-03-17T08:53:16+00:00","breadcrumb":{"@id":"https:\/\/www.ibd-wt.de\/pl\/2025\/03\/17\/po-raz-piaty-z-rzedu-wyrozniona-renomowanym-certyfikatem-wiarygodnosci-kredytowej-creditreform\/#breadcrumb"},"inLanguage":"pl-PL","potentialAction":[{"@type":"ReadAction","target":["https:\/\/www.ibd-wt.de\/pl\/2025\/03\/17\/po-raz-piaty-z-rzedu-wyrozniona-renomowanym-certyfikatem-wiarygodnosci-kredytowej-creditreform\/"]}]},{"@type":"ImageObject","inLanguage":"pl-PL","@id":"https:\/\/www.ibd-wt.de\/pl\/2025\/03\/17\/po-raz-piaty-z-rzedu-wyrozniona-renomowanym-certyfikatem-wiarygodnosci-kredytowej-creditreform\/#primaryimage","url":"https:\/\/www.ibd-wt.de\/wp-content\/uploads\/2025\/03\/zert.jpg","contentUrl":"https:\/\/www.ibd-wt.de\/wp-content\/uploads\/2025\/03\/zert.jpg","width":800,"height":450,"caption":"Certyfikat wiarygodno\u015bci kredytowej"},{"@type":"BreadcrumbList","@id":"https:\/\/www.ibd-wt.de\/pl\/2025\/03\/17\/po-raz-piaty-z-rzedu-wyrozniona-renomowanym-certyfikatem-wiarygodnosci-kredytowej-creditreform\/#breadcrumb","itemListElement":[{"@type":"ListItem","position":1,"name":"Strona g\u0142\u00f3wna","item":"https:\/\/www.ibd-wt.de\/pl\/strona-glowna\/"},{"@type":"ListItem","position":2,"name":"Po raz pi\u0105ty z rz\u0119du wyr\u00f3\u017cniona renomowanym certyfikatem wiarygodno\u015bci kredytowej Creditreform"}]},{"@type":"WebSite","@id":"https:\/\/www.ibd-wt.de\/pl\/#website","url":"https:\/\/www.ibd-wt.de\/pl\/","name":"IBD Wickeltechnik GmbH","description":"","publisher":{"@id":"https:\/\/www.ibd-wt.de\/pl\/#organization"},"potentialAction":[{"@type":"SearchAction","target":{"@type":"EntryPoint","urlTemplate":"https:\/\/www.ibd-wt.de\/pl\/?s={search_term_string}"},"query-input":{"@type":"PropertyValueSpecification","valueRequired":true,"valueName":"search_term_string"}}],"inLanguage":"pl-PL"},{"@type":"Organization","@id":"https:\/\/www.ibd-wt.de\/pl\/#organization","name":"IBD Wickeltechnik GmbH","url":"https:\/\/www.ibd-wt.de\/pl\/","logo":{"@type":"ImageObject","inLanguage":"pl-PL","@id":"https:\/\/www.ibd-wt.de\/pl\/#\/schema\/logo\/image\/","url":"https:\/\/www.ibd-wt.de\/wp-content\/uploads\/2025\/03\/footer_logo.svg","contentUrl":"https:\/\/www.ibd-wt.de\/wp-content\/uploads\/2025\/03\/footer_logo.svg","width":184,"height":36,"caption":"IBD Wickeltechnik GmbH"},"image":{"@id":"https:\/\/www.ibd-wt.de\/pl\/#\/schema\/logo\/image\/"},"sameAs":["https:\/\/www.linkedin.com\/company\/9506296\/admin","https:\/\/www.youtube.com\/channel\/UClyShLXUKz8ksXFWg9z-aiQ?view_as=subscriber","https:\/\/www.instagram.com\/ibd.wickeltechnik\/"]},{"@type":"Person","@id":"https:\/\/www.ibd-wt.de\/pl\/#\/schema\/person\/7d595f4b503784a60e8be1d6a3c3d7da","name":"SKuehne","sameAs":["https:\/\/bedln.myrdbx.io"],"url":"https:\/\/www.ibd-wt.de\/pl\/author\/skuehne\/"}]}},"_links":{"self":[{"href":"https:\/\/www.ibd-wt.de\/pl\/wp-json\/wp\/v2\/posts\/7426","targetHints":{"allow":["GET"]}}],"collection":[{"href":"https:\/\/www.ibd-wt.de\/pl\/wp-json\/wp\/v2\/posts"}],"about":[{"href":"https:\/\/www.ibd-wt.de\/pl\/wp-json\/wp\/v2\/types\/post"}],"author":[{"embeddable":true,"href":"https:\/\/www.ibd-wt.de\/pl\/wp-json\/wp\/v2\/users\/1"}],"replies":[{"embeddable":true,"href":"https:\/\/www.ibd-wt.de\/pl\/wp-json\/wp\/v2\/comments?post=7426"}],"version-history":[{"count":0,"href":"https:\/\/www.ibd-wt.de\/pl\/wp-json\/wp\/v2\/posts\/7426\/revisions"}],"wp:featuredmedia":[{"embeddable":true,"href":"https:\/\/www.ibd-wt.de\/pl\/wp-json\/wp\/v2\/media\/7427"}],"wp:attachment":[{"href":"https:\/\/www.ibd-wt.de\/pl\/wp-json\/wp\/v2\/media?parent=7426"}],"wp:term":[{"taxonomy":"category","embeddable":true,"href":"https:\/\/www.ibd-wt.de\/pl\/wp-json\/wp\/v2\/categories?post=7426"},{"taxonomy":"post_tag","embeddable":true,"href":"https:\/\/www.ibd-wt.de\/pl\/wp-json\/wp\/v2\/tags?post=7426"}],"curies":[{"name":"wp","href":"https:\/\/api.w.org\/{rel}","templated":true}]}}