{"id":17319,"date":"2026-04-22T06:02:30","date_gmt":"2026-04-22T06:02:30","guid":{"rendered":"https:\/\/www.ibd-wt.de\/2026\/04\/22\/nouveau-dans-lequipe-mirko-knappmeier-renforce-notre-service-commercial-technique\/"},"modified":"2026-04-22T06:03:27","modified_gmt":"2026-04-22T06:03:27","slug":"nouveau-dans-lequipe-mirko-knappmeier-renforce-notre-service-commercial-technique","status":"publish","type":"post","link":"https:\/\/www.ibd-wt.de\/fr\/2026\/04\/22\/nouveau-dans-lequipe-mirko-knappmeier-renforce-notre-service-commercial-technique\/","title":{"rendered":"Nouveau dans l\u2019\u00e9quipe : Mirko Knappmeier renforce notre service commercial technique"},"content":{"rendered":"<div class=\"fusion-fullwidth fullwidth-box fusion-builder-row-1 fusion-flex-container nonhundred-percent-fullwidth non-hundred-percent-height-scrolling\" style=\"--awb-border-radius-top-left:0px;--awb-border-radius-top-right:0px;--awb-border-radius-bottom-right:0px;--awb-border-radius-bottom-left:0px;--awb-flex-wrap:wrap;\" ><div class=\"fusion-builder-row fusion-row fusion-flex-align-items-flex-start fusion-flex-content-wrap\" style=\"max-width:1497.6px;margin-left: calc(-4% \/ 2 );margin-right: calc(-4% \/ 2 );\"><div class=\"fusion-layout-column fusion_builder_column fusion-builder-column-0 fusion_builder_column_1_1 1_1 fusion-flex-column\" style=\"--awb-bg-size:cover;--awb-width-large:100%;--awb-margin-top-large:0px;--awb-spacing-right-large:1.92%;--awb-margin-bottom-large:0px;--awb-spacing-left-large:1.92%;--awb-width-medium:100%;--awb-spacing-right-medium:1.92%;--awb-spacing-left-medium:1.92%;--awb-width-small:100%;--awb-spacing-right-small:1.92%;--awb-spacing-left-small:1.92%;\"><div class=\"fusion-column-wrapper fusion-flex-justify-content-flex-start fusion-content-layout-column\"><div class=\"fusion-text fusion-text-1\"><p class=\"font-claude-response-body break-words whitespace-normal leading-&#091;1.7&#093;\">Nous sommes ravis d\u2019accueillir Mirko Knappmeier en tant que nouvel ing\u00e9nieur commercial chez IBD Wickeltechnik. Fort de sa longue exp\u00e9rience dans la vente technique, il conseillera d\u00e9sormais nos clients nationaux et internationaux directement sur site. <\/p>\n<p class=\"font-claude-response-body break-words whitespace-normal leading-&#091;1.7&#093;\"><strong>Conseil technique \u2013 l\u00e0 o\u00f9 il est n\u00e9cessaire<\/strong><\/p>\n<p class=\"font-claude-response-body break-words whitespace-normal leading-&#091;1.7&#093;\">Dans ses nouvelles fonctions, Mirko Knappmeier intervient sur le terrain et accompagne les projets de l\u2019id\u00e9e initiale jusqu\u2019\u00e0 la mise en service. Il analyse les besoins, \u00e9value les processus existants et apporte son soutien pour la conception et l\u2019int\u00e9gration de solutions adapt\u00e9es issues de notre portefeuille \u2013 aussi bien pour les installations existantes que dans l\u2019environnement OEM pour les nouvelles machines et concepts d\u2019installations. <\/p>\n<p class=\"font-claude-response-body break-words whitespace-normal leading-&#091;1.7&#093;\"><strong>Plus proche du projet, plus rapide vers la solution<\/strong><\/p>\n<p class=\"font-claude-response-body break-words whitespace-normal leading-&#091;1.7&#093;\">Avec le d\u00e9veloppement de notre service commercial technique, nous envoyons un signal clair : nous voulons \u00eatre encore plus proches de nos clients et partenaires. Cela signifie des temps de r\u00e9action plus courts, une pr\u00e9sence accrue dans les projets et un accompagnement technique continu tout au long du processus d\u2019enroulement. <\/p>\n<blockquote class=\"ml-2 border-l-4 border-border-300\/10 pl-4 text-text-300\">\n<p class=\"font-claude-response-body break-words whitespace-pre-wrap leading-&#091;1.7&#093;\">\u00ab Avec Mirko Knappmeier, nous accueillons un coll\u00e8gue qui comprend exactement les enjeux de notre secteur : des solutions techniques impeccables dans un \u00e9change direct avec les clients et les partenaires OEM. C\u2019est pr\u00e9cis\u00e9ment pour les applications d\u2019enroulement exigeantes que les meilleurs r\u00e9sultats naissent d\u2019un dialogue \u00e9troit \u2013 et non derri\u00e8re un bureau. \u00bb \u2013 Dennis Hermann, G\u00e9rant d\u2019IBD Wickeltechnik GmbH<\/p>\n<\/blockquote>\n<p class=\"font-claude-response-body break-words whitespace-normal leading-&#091;1.7&#093;\">Depuis plus de 30 ans, nous incarnons des solutions dans le domaine de la technique d\u2019enroulement industrielle \u2013 des composants individuels aux solutions syst\u00e8mes coordonn\u00e9es. Avec Mirko Knappmeier, nous apporterons d\u00e9sormais ce savoir-faire encore plus directement dans vos projets. <\/p>\n<\/div><\/div><\/div><\/div><\/div>\n","protected":false},"excerpt":{"rendered":"","protected":false},"author":1,"featured_media":17320,"comment_status":"open","ping_status":"open","sticky":false,"template":"","format":"standard","meta":{"_acf_changed":false,"footnotes":""},"categories":[115],"tags":[],"class_list":["post-17319","post","type-post","status-publish","format-standard","has-post-thumbnail","hentry","category-actualites"],"acf":[],"yoast_head":"<!-- This site is optimized with the Yoast SEO Premium plugin v27.4 (Yoast SEO v27.4) - https:\/\/yoast.com\/product\/yoast-seo-premium-wordpress\/ -->\n<title>Mirko Knappmeier renforce le service commercial technique chez IBD<\/title>\n<meta name=\"description\" content=\"Mirko Knappmeier est le nouvel ing\u00e9nieur commercial chez IBD Wickeltechnik. Il conseille les clients nationaux et internationaux directement sur place, \u00e0 toutes les \u00e9tapes du projet.\" \/>\n<meta name=\"robots\" content=\"index, follow, max-snippet:-1, max-image-preview:large, max-video-preview:-1\" \/>\n<link rel=\"canonical\" href=\"https:\/\/www.ibd-wt.de\/fr\/2026\/04\/22\/nouveau-dans-lequipe-mirko-knappmeier-renforce-notre-service-commercial-technique\/\" \/>\n<meta property=\"og:locale\" content=\"fr_FR\" \/>\n<meta property=\"og:type\" content=\"article\" \/>\n<meta property=\"og:title\" content=\"Mirko Knappmeier renforce le service commercial technique chez IBD\" \/>\n<meta property=\"og:description\" content=\"Mirko Knappmeier est le nouvel ing\u00e9nieur commercial chez IBD Wickeltechnik. Il conseille les clients nationaux et internationaux directement sur place \u2013 \u00e0 toutes les \u00e9tapes du projet.\" \/>\n<meta property=\"og:url\" content=\"https:\/\/www.ibd-wt.de\/fr\/2026\/04\/22\/nouveau-dans-lequipe-mirko-knappmeier-renforce-notre-service-commercial-technique\/\" \/>\n<meta property=\"og:site_name\" content=\"IBD Wickeltechnik GmbH\" \/>\n<meta property=\"article:publisher\" content=\"https:\/\/www.linkedin.com\/company\/9506296\/admin\" \/>\n<meta property=\"article:published_time\" content=\"2026-04-22T06:02:30+00:00\" \/>\n<meta property=\"article:modified_time\" content=\"2026-04-22T06:03:27+00:00\" \/>\n<meta property=\"og:image\" content=\"https:\/\/www.ibd-wt.de\/wp-content\/uploads\/2026\/04\/DSC0742-scaled.webp\" \/>\n\t<meta property=\"og:image:width\" content=\"2560\" \/>\n\t<meta property=\"og:image:height\" content=\"1706\" \/>\n\t<meta property=\"og:image:type\" content=\"image\/webp\" \/>\n<meta name=\"author\" content=\"SKuehne\" \/>\n<meta name=\"twitter:card\" content=\"summary_large_image\" \/>\n<meta name=\"twitter:title\" content=\"Nouveau dans l\u2019\u00e9quipe : Mirko Knappmeier renforce notre service commercial technique\" \/>\n<meta name=\"twitter:label1\" content=\"\u00c9crit par\" \/>\n\t<meta name=\"twitter:data1\" content=\"SKuehne\" \/>\n\t<meta name=\"twitter:label2\" content=\"Dur\u00e9e de lecture estim\u00e9e\" \/>\n\t<meta name=\"twitter:data2\" content=\"2 minutes\" \/>\n<script type=\"application\/ld+json\" class=\"yoast-schema-graph\">{\"@context\":\"https:\\\/\\\/schema.org\",\"@graph\":[{\"@type\":\"Article\",\"@id\":\"https:\\\/\\\/www.ibd-wt.de\\\/fr\\\/2026\\\/04\\\/22\\\/nouveau-dans-lequipe-mirko-knappmeier-renforce-notre-service-commercial-technique\\\/#article\",\"isPartOf\":{\"@id\":\"https:\\\/\\\/www.ibd-wt.de\\\/fr\\\/2026\\\/04\\\/22\\\/nouveau-dans-lequipe-mirko-knappmeier-renforce-notre-service-commercial-technique\\\/\"},\"author\":{\"name\":\"SKuehne\",\"@id\":\"https:\\\/\\\/www.ibd-wt.de\\\/fr\\\/#\\\/schema\\\/person\\\/7d595f4b503784a60e8be1d6a3c3d7da\"},\"headline\":\"Nouveau dans l\u2019\u00e9quipe : Mirko Knappmeier renforce notre service commercial technique\",\"datePublished\":\"2026-04-22T06:02:30+00:00\",\"dateModified\":\"2026-04-22T06:03:27+00:00\",\"mainEntityOfPage\":{\"@id\":\"https:\\\/\\\/www.ibd-wt.de\\\/fr\\\/2026\\\/04\\\/22\\\/nouveau-dans-lequipe-mirko-knappmeier-renforce-notre-service-commercial-technique\\\/\"},\"wordCount\":468,\"commentCount\":0,\"publisher\":{\"@id\":\"https:\\\/\\\/www.ibd-wt.de\\\/fr\\\/#organization\"},\"image\":{\"@id\":\"https:\\\/\\\/www.ibd-wt.de\\\/fr\\\/2026\\\/04\\\/22\\\/nouveau-dans-lequipe-mirko-knappmeier-renforce-notre-service-commercial-technique\\\/#primaryimage\"},\"thumbnailUrl\":\"https:\\\/\\\/www.ibd-wt.de\\\/wp-content\\\/uploads\\\/2026\\\/04\\\/DSC0742-scaled.webp\",\"articleSection\":[\"Actualit\u00e9s\"],\"inLanguage\":\"fr-FR\",\"potentialAction\":[{\"@type\":\"CommentAction\",\"name\":\"Comment\",\"target\":[\"https:\\\/\\\/www.ibd-wt.de\\\/fr\\\/2026\\\/04\\\/22\\\/nouveau-dans-lequipe-mirko-knappmeier-renforce-notre-service-commercial-technique\\\/#respond\"]}]},{\"@type\":\"WebPage\",\"@id\":\"https:\\\/\\\/www.ibd-wt.de\\\/fr\\\/2026\\\/04\\\/22\\\/nouveau-dans-lequipe-mirko-knappmeier-renforce-notre-service-commercial-technique\\\/\",\"url\":\"https:\\\/\\\/www.ibd-wt.de\\\/fr\\\/2026\\\/04\\\/22\\\/nouveau-dans-lequipe-mirko-knappmeier-renforce-notre-service-commercial-technique\\\/\",\"name\":\"Mirko Knappmeier renforce le service commercial technique chez IBD\",\"isPartOf\":{\"@id\":\"https:\\\/\\\/www.ibd-wt.de\\\/fr\\\/#website\"},\"primaryImageOfPage\":{\"@id\":\"https:\\\/\\\/www.ibd-wt.de\\\/fr\\\/2026\\\/04\\\/22\\\/nouveau-dans-lequipe-mirko-knappmeier-renforce-notre-service-commercial-technique\\\/#primaryimage\"},\"image\":{\"@id\":\"https:\\\/\\\/www.ibd-wt.de\\\/fr\\\/2026\\\/04\\\/22\\\/nouveau-dans-lequipe-mirko-knappmeier-renforce-notre-service-commercial-technique\\\/#primaryimage\"},\"thumbnailUrl\":\"https:\\\/\\\/www.ibd-wt.de\\\/wp-content\\\/uploads\\\/2026\\\/04\\\/DSC0742-scaled.webp\",\"datePublished\":\"2026-04-22T06:02:30+00:00\",\"dateModified\":\"2026-04-22T06:03:27+00:00\",\"description\":\"Mirko Knappmeier est le nouvel ing\u00e9nieur commercial chez IBD Wickeltechnik. Il conseille les clients nationaux et internationaux directement sur place, \u00e0 toutes les \u00e9tapes du projet.\",\"breadcrumb\":{\"@id\":\"https:\\\/\\\/www.ibd-wt.de\\\/fr\\\/2026\\\/04\\\/22\\\/nouveau-dans-lequipe-mirko-knappmeier-renforce-notre-service-commercial-technique\\\/#breadcrumb\"},\"inLanguage\":\"fr-FR\",\"potentialAction\":[{\"@type\":\"ReadAction\",\"target\":[\"https:\\\/\\\/www.ibd-wt.de\\\/fr\\\/2026\\\/04\\\/22\\\/nouveau-dans-lequipe-mirko-knappmeier-renforce-notre-service-commercial-technique\\\/\"]}]},{\"@type\":\"ImageObject\",\"inLanguage\":\"fr-FR\",\"@id\":\"https:\\\/\\\/www.ibd-wt.de\\\/fr\\\/2026\\\/04\\\/22\\\/nouveau-dans-lequipe-mirko-knappmeier-renforce-notre-service-commercial-technique\\\/#primaryimage\",\"url\":\"https:\\\/\\\/www.ibd-wt.de\\\/wp-content\\\/uploads\\\/2026\\\/04\\\/DSC0742-scaled.webp\",\"contentUrl\":\"https:\\\/\\\/www.ibd-wt.de\\\/wp-content\\\/uploads\\\/2026\\\/04\\\/DSC0742-scaled.webp\",\"width\":2560,\"height\":1706,\"caption\":\"Mirko Knappmeier\"},{\"@type\":\"BreadcrumbList\",\"@id\":\"https:\\\/\\\/www.ibd-wt.de\\\/fr\\\/2026\\\/04\\\/22\\\/nouveau-dans-lequipe-mirko-knappmeier-renforce-notre-service-commercial-technique\\\/#breadcrumb\",\"itemListElement\":[{\"@type\":\"ListItem\",\"position\":1,\"name\":\"Accueil\",\"item\":\"https:\\\/\\\/www.ibd-wt.de\\\/fr\\\/accueil\\\/\"},{\"@type\":\"ListItem\",\"position\":2,\"name\":\"Nouveau dans l\u2019\u00e9quipe : Mirko Knappmeier renforce notre service commercial technique\"}]},{\"@type\":\"WebSite\",\"@id\":\"https:\\\/\\\/www.ibd-wt.de\\\/fr\\\/#website\",\"url\":\"https:\\\/\\\/www.ibd-wt.de\\\/fr\\\/\",\"name\":\"IBD Wickeltechnik GmbH\",\"description\":\"\",\"publisher\":{\"@id\":\"https:\\\/\\\/www.ibd-wt.de\\\/fr\\\/#organization\"},\"potentialAction\":[{\"@type\":\"SearchAction\",\"target\":{\"@type\":\"EntryPoint\",\"urlTemplate\":\"https:\\\/\\\/www.ibd-wt.de\\\/fr\\\/?s={search_term_string}\"},\"query-input\":{\"@type\":\"PropertyValueSpecification\",\"valueRequired\":true,\"valueName\":\"search_term_string\"}}],\"inLanguage\":\"fr-FR\"},{\"@type\":\"Organization\",\"@id\":\"https:\\\/\\\/www.ibd-wt.de\\\/fr\\\/#organization\",\"name\":\"IBD Wickeltechnik GmbH\",\"url\":\"https:\\\/\\\/www.ibd-wt.de\\\/fr\\\/\",\"logo\":{\"@type\":\"ImageObject\",\"inLanguage\":\"fr-FR\",\"@id\":\"https:\\\/\\\/www.ibd-wt.de\\\/fr\\\/#\\\/schema\\\/logo\\\/image\\\/\",\"url\":\"https:\\\/\\\/www.ibd-wt.de\\\/wp-content\\\/uploads\\\/2025\\\/03\\\/footer_logo.svg\",\"contentUrl\":\"https:\\\/\\\/www.ibd-wt.de\\\/wp-content\\\/uploads\\\/2025\\\/03\\\/footer_logo.svg\",\"width\":184,\"height\":36,\"caption\":\"IBD Wickeltechnik GmbH\"},\"image\":{\"@id\":\"https:\\\/\\\/www.ibd-wt.de\\\/fr\\\/#\\\/schema\\\/logo\\\/image\\\/\"},\"sameAs\":[\"https:\\\/\\\/www.linkedin.com\\\/company\\\/9506296\\\/admin\",\"https:\\\/\\\/www.youtube.com\\\/channel\\\/UClyShLXUKz8ksXFWg9z-aiQ?view_as=subscriber\",\"https:\\\/\\\/www.instagram.com\\\/ibd.wickeltechnik\\\/\"]},{\"@type\":\"Person\",\"@id\":\"https:\\\/\\\/www.ibd-wt.de\\\/fr\\\/#\\\/schema\\\/person\\\/7d595f4b503784a60e8be1d6a3c3d7da\",\"name\":\"SKuehne\",\"sameAs\":[\"https:\\\/\\\/bedln.myrdbx.io\"],\"url\":\"https:\\\/\\\/www.ibd-wt.de\\\/fr\\\/author\\\/skuehne\\\/\"}]}<\/script>\n<!-- \/ Yoast SEO Premium plugin. -->","yoast_head_json":{"title":"Mirko Knappmeier renforce le service commercial technique chez IBD","description":"Mirko Knappmeier est le nouvel ing\u00e9nieur commercial chez IBD Wickeltechnik. Il conseille les clients nationaux et internationaux directement sur place, \u00e0 toutes les \u00e9tapes du projet.","robots":{"index":"index","follow":"follow","max-snippet":"max-snippet:-1","max-image-preview":"max-image-preview:large","max-video-preview":"max-video-preview:-1"},"canonical":"https:\/\/www.ibd-wt.de\/fr\/2026\/04\/22\/nouveau-dans-lequipe-mirko-knappmeier-renforce-notre-service-commercial-technique\/","og_locale":"fr_FR","og_type":"article","og_title":"Mirko Knappmeier renforce le service commercial technique chez IBD","og_description":"Mirko Knappmeier est le nouvel ing\u00e9nieur commercial chez IBD Wickeltechnik. Il conseille les clients nationaux et internationaux directement sur place \u2013 \u00e0 toutes les \u00e9tapes du projet.","og_url":"https:\/\/www.ibd-wt.de\/fr\/2026\/04\/22\/nouveau-dans-lequipe-mirko-knappmeier-renforce-notre-service-commercial-technique\/","og_site_name":"IBD Wickeltechnik GmbH","article_publisher":"https:\/\/www.linkedin.com\/company\/9506296\/admin","article_published_time":"2026-04-22T06:02:30+00:00","article_modified_time":"2026-04-22T06:03:27+00:00","og_image":[{"width":2560,"height":1706,"url":"https:\/\/www.ibd-wt.de\/wp-content\/uploads\/2026\/04\/DSC0742-scaled.webp","type":"image\/webp"}],"author":"SKuehne","twitter_card":"summary_large_image","twitter_title":"Nouveau dans l\u2019\u00e9quipe : Mirko Knappmeier renforce notre service commercial technique","twitter_misc":{"\u00c9crit par":"SKuehne","Dur\u00e9e de lecture estim\u00e9e":"2 minutes"},"schema":{"@context":"https:\/\/schema.org","@graph":[{"@type":"Article","@id":"https:\/\/www.ibd-wt.de\/fr\/2026\/04\/22\/nouveau-dans-lequipe-mirko-knappmeier-renforce-notre-service-commercial-technique\/#article","isPartOf":{"@id":"https:\/\/www.ibd-wt.de\/fr\/2026\/04\/22\/nouveau-dans-lequipe-mirko-knappmeier-renforce-notre-service-commercial-technique\/"},"author":{"name":"SKuehne","@id":"https:\/\/www.ibd-wt.de\/fr\/#\/schema\/person\/7d595f4b503784a60e8be1d6a3c3d7da"},"headline":"Nouveau dans l\u2019\u00e9quipe : Mirko Knappmeier renforce notre service commercial technique","datePublished":"2026-04-22T06:02:30+00:00","dateModified":"2026-04-22T06:03:27+00:00","mainEntityOfPage":{"@id":"https:\/\/www.ibd-wt.de\/fr\/2026\/04\/22\/nouveau-dans-lequipe-mirko-knappmeier-renforce-notre-service-commercial-technique\/"},"wordCount":468,"commentCount":0,"publisher":{"@id":"https:\/\/www.ibd-wt.de\/fr\/#organization"},"image":{"@id":"https:\/\/www.ibd-wt.de\/fr\/2026\/04\/22\/nouveau-dans-lequipe-mirko-knappmeier-renforce-notre-service-commercial-technique\/#primaryimage"},"thumbnailUrl":"https:\/\/www.ibd-wt.de\/wp-content\/uploads\/2026\/04\/DSC0742-scaled.webp","articleSection":["Actualit\u00e9s"],"inLanguage":"fr-FR","potentialAction":[{"@type":"CommentAction","name":"Comment","target":["https:\/\/www.ibd-wt.de\/fr\/2026\/04\/22\/nouveau-dans-lequipe-mirko-knappmeier-renforce-notre-service-commercial-technique\/#respond"]}]},{"@type":"WebPage","@id":"https:\/\/www.ibd-wt.de\/fr\/2026\/04\/22\/nouveau-dans-lequipe-mirko-knappmeier-renforce-notre-service-commercial-technique\/","url":"https:\/\/www.ibd-wt.de\/fr\/2026\/04\/22\/nouveau-dans-lequipe-mirko-knappmeier-renforce-notre-service-commercial-technique\/","name":"Mirko Knappmeier renforce le service commercial technique chez IBD","isPartOf":{"@id":"https:\/\/www.ibd-wt.de\/fr\/#website"},"primaryImageOfPage":{"@id":"https:\/\/www.ibd-wt.de\/fr\/2026\/04\/22\/nouveau-dans-lequipe-mirko-knappmeier-renforce-notre-service-commercial-technique\/#primaryimage"},"image":{"@id":"https:\/\/www.ibd-wt.de\/fr\/2026\/04\/22\/nouveau-dans-lequipe-mirko-knappmeier-renforce-notre-service-commercial-technique\/#primaryimage"},"thumbnailUrl":"https:\/\/www.ibd-wt.de\/wp-content\/uploads\/2026\/04\/DSC0742-scaled.webp","datePublished":"2026-04-22T06:02:30+00:00","dateModified":"2026-04-22T06:03:27+00:00","description":"Mirko Knappmeier est le nouvel ing\u00e9nieur commercial chez IBD Wickeltechnik. Il conseille les clients nationaux et internationaux directement sur place, \u00e0 toutes les \u00e9tapes du projet.","breadcrumb":{"@id":"https:\/\/www.ibd-wt.de\/fr\/2026\/04\/22\/nouveau-dans-lequipe-mirko-knappmeier-renforce-notre-service-commercial-technique\/#breadcrumb"},"inLanguage":"fr-FR","potentialAction":[{"@type":"ReadAction","target":["https:\/\/www.ibd-wt.de\/fr\/2026\/04\/22\/nouveau-dans-lequipe-mirko-knappmeier-renforce-notre-service-commercial-technique\/"]}]},{"@type":"ImageObject","inLanguage":"fr-FR","@id":"https:\/\/www.ibd-wt.de\/fr\/2026\/04\/22\/nouveau-dans-lequipe-mirko-knappmeier-renforce-notre-service-commercial-technique\/#primaryimage","url":"https:\/\/www.ibd-wt.de\/wp-content\/uploads\/2026\/04\/DSC0742-scaled.webp","contentUrl":"https:\/\/www.ibd-wt.de\/wp-content\/uploads\/2026\/04\/DSC0742-scaled.webp","width":2560,"height":1706,"caption":"Mirko Knappmeier"},{"@type":"BreadcrumbList","@id":"https:\/\/www.ibd-wt.de\/fr\/2026\/04\/22\/nouveau-dans-lequipe-mirko-knappmeier-renforce-notre-service-commercial-technique\/#breadcrumb","itemListElement":[{"@type":"ListItem","position":1,"name":"Accueil","item":"https:\/\/www.ibd-wt.de\/fr\/accueil\/"},{"@type":"ListItem","position":2,"name":"Nouveau dans l\u2019\u00e9quipe : Mirko Knappmeier renforce notre service commercial technique"}]},{"@type":"WebSite","@id":"https:\/\/www.ibd-wt.de\/fr\/#website","url":"https:\/\/www.ibd-wt.de\/fr\/","name":"IBD Wickeltechnik GmbH","description":"","publisher":{"@id":"https:\/\/www.ibd-wt.de\/fr\/#organization"},"potentialAction":[{"@type":"SearchAction","target":{"@type":"EntryPoint","urlTemplate":"https:\/\/www.ibd-wt.de\/fr\/?s={search_term_string}"},"query-input":{"@type":"PropertyValueSpecification","valueRequired":true,"valueName":"search_term_string"}}],"inLanguage":"fr-FR"},{"@type":"Organization","@id":"https:\/\/www.ibd-wt.de\/fr\/#organization","name":"IBD Wickeltechnik GmbH","url":"https:\/\/www.ibd-wt.de\/fr\/","logo":{"@type":"ImageObject","inLanguage":"fr-FR","@id":"https:\/\/www.ibd-wt.de\/fr\/#\/schema\/logo\/image\/","url":"https:\/\/www.ibd-wt.de\/wp-content\/uploads\/2025\/03\/footer_logo.svg","contentUrl":"https:\/\/www.ibd-wt.de\/wp-content\/uploads\/2025\/03\/footer_logo.svg","width":184,"height":36,"caption":"IBD Wickeltechnik GmbH"},"image":{"@id":"https:\/\/www.ibd-wt.de\/fr\/#\/schema\/logo\/image\/"},"sameAs":["https:\/\/www.linkedin.com\/company\/9506296\/admin","https:\/\/www.youtube.com\/channel\/UClyShLXUKz8ksXFWg9z-aiQ?view_as=subscriber","https:\/\/www.instagram.com\/ibd.wickeltechnik\/"]},{"@type":"Person","@id":"https:\/\/www.ibd-wt.de\/fr\/#\/schema\/person\/7d595f4b503784a60e8be1d6a3c3d7da","name":"SKuehne","sameAs":["https:\/\/bedln.myrdbx.io"],"url":"https:\/\/www.ibd-wt.de\/fr\/author\/skuehne\/"}]}},"_links":{"self":[{"href":"https:\/\/www.ibd-wt.de\/fr\/wp-json\/wp\/v2\/posts\/17319","targetHints":{"allow":["GET"]}}],"collection":[{"href":"https:\/\/www.ibd-wt.de\/fr\/wp-json\/wp\/v2\/posts"}],"about":[{"href":"https:\/\/www.ibd-wt.de\/fr\/wp-json\/wp\/v2\/types\/post"}],"author":[{"embeddable":true,"href":"https:\/\/www.ibd-wt.de\/fr\/wp-json\/wp\/v2\/users\/1"}],"replies":[{"embeddable":true,"href":"https:\/\/www.ibd-wt.de\/fr\/wp-json\/wp\/v2\/comments?post=17319"}],"version-history":[{"count":0,"href":"https:\/\/www.ibd-wt.de\/fr\/wp-json\/wp\/v2\/posts\/17319\/revisions"}],"wp:featuredmedia":[{"embeddable":true,"href":"https:\/\/www.ibd-wt.de\/fr\/wp-json\/wp\/v2\/media\/17320"}],"wp:attachment":[{"href":"https:\/\/www.ibd-wt.de\/fr\/wp-json\/wp\/v2\/media?parent=17319"}],"wp:term":[{"taxonomy":"category","embeddable":true,"href":"https:\/\/www.ibd-wt.de\/fr\/wp-json\/wp\/v2\/categories?post=17319"},{"taxonomy":"post_tag","embeddable":true,"href":"https:\/\/www.ibd-wt.de\/fr\/wp-json\/wp\/v2\/tags?post=17319"}],"curies":[{"name":"wp","href":"https:\/\/api.w.org\/{rel}","templated":true}]}}