{"id":17309,"date":"2026-04-22T06:02:30","date_gmt":"2026-04-22T06:02:30","guid":{"rendered":"https:\/\/www.ibd-wt.de\/2026\/04\/22\/nuevo-en-el-equipo-mirko-knappmeier-refuerza-nuestro-departamento-de-ventas-tecnicas\/"},"modified":"2026-04-22T06:03:27","modified_gmt":"2026-04-22T06:03:27","slug":"nuevo-en-el-equipo-mirko-knappmeier-refuerza-nuestro-departamento-de-ventas-tecnicas","status":"publish","type":"post","link":"https:\/\/www.ibd-wt.de\/es\/2026\/04\/22\/nuevo-en-el-equipo-mirko-knappmeier-refuerza-nuestro-departamento-de-ventas-tecnicas\/","title":{"rendered":"Nuevo en el equipo: Mirko Knappmeier refuerza nuestro departamento de ventas t\u00e9cnicas"},"content":{"rendered":"<div class=\"fusion-fullwidth fullwidth-box fusion-builder-row-1 fusion-flex-container nonhundred-percent-fullwidth non-hundred-percent-height-scrolling\" style=\"--awb-border-radius-top-left:0px;--awb-border-radius-top-right:0px;--awb-border-radius-bottom-right:0px;--awb-border-radius-bottom-left:0px;--awb-flex-wrap:wrap;\" ><div class=\"fusion-builder-row fusion-row fusion-flex-align-items-flex-start fusion-flex-content-wrap\" style=\"max-width:1497.6px;margin-left: calc(-4% \/ 2 );margin-right: calc(-4% \/ 2 );\"><div class=\"fusion-layout-column fusion_builder_column fusion-builder-column-0 fusion_builder_column_1_1 1_1 fusion-flex-column\" style=\"--awb-bg-size:cover;--awb-width-large:100%;--awb-margin-top-large:0px;--awb-spacing-right-large:1.92%;--awb-margin-bottom-large:0px;--awb-spacing-left-large:1.92%;--awb-width-medium:100%;--awb-spacing-right-medium:1.92%;--awb-spacing-left-medium:1.92%;--awb-width-small:100%;--awb-spacing-right-small:1.92%;--awb-spacing-left-small:1.92%;\"><div class=\"fusion-column-wrapper fusion-flex-justify-content-flex-start fusion-content-layout-column\"><div class=\"fusion-text fusion-text-1\"><p class=\"font-claude-response-body break-words whitespace-normal leading-&#091;1.7&#093;\">Nos complace dar la bienvenida a Mirko Knappmeier como nuevo ingeniero de ventas en IBD Wickeltechnik. Con su dilatada experiencia en ventas t\u00e9cnicas, en adelante asesorar\u00e1 a nuestros clientes a nivel nacional e internacional directamente in situ. <\/p>\n<p class=\"font-claude-response-body break-words whitespace-normal leading-&#091;1.7&#093;\"><strong>Asesoramiento t\u00e9cnico: donde se necesita<\/strong><\/p>\n<p class=\"font-claude-response-body break-words whitespace-normal leading-&#091;1.7&#093;\">En su nuevo puesto, Mirko Knappmeier trabaja en el servicio externo y acompa\u00f1a los proyectos desde la primera idea hasta la puesta en marcha. Analiza los requisitos, eval\u00faa los procesos existentes y apoya el dimensionamiento y la integraci\u00f3n de soluciones adecuadas de nuestro porfolio, tanto en instalaciones existentes como en el entorno OEM para m\u00e1quinas nuevas y conceptos de planta. <\/p>\n<p class=\"font-claude-response-body break-words whitespace-normal leading-&#091;1.7&#093;\"><strong>M\u00e1s cerca del proyecto, m\u00e1s r\u00e1pido hacia la soluci\u00f3n<\/strong><\/p>\n<p class=\"font-claude-response-body break-words whitespace-normal leading-&#091;1.7&#093;\">Con la ampliaci\u00f3n de nuestro departamento de ventas t\u00e9cnicas enviamos una se\u00f1al clara: queremos estar a\u00fan m\u00e1s cerca de nuestros clientes y socios. Esto significa tiempos de respuesta m\u00e1s cortos, mayor presencia en el proyecto y un acompa\u00f1amiento t\u00e9cnico continuo a lo largo de todo el proceso de bobinado. <\/p>\n<blockquote class=\"ml-2 border-l-4 border-border-300\/10 pl-4 text-text-300\">\n<p class=\"font-claude-response-body break-words whitespace-pre-wrap leading-&#091;1.7&#093;\">\u00abCon Mirko Knappmeier incorporamos a un compa\u00f1ero que entiende perfectamente lo que importa en nuestro sector: soluciones t\u00e9cnicas impecables en el intercambio directo con clientes y socios OEM. Especialmente en aplicaciones de bobinado exigentes, los mejores resultados surgen del di\u00e1logo estrecho, no desde el escritorio\u00bb. \u2013 Dennis Hermann, director general de IBD Wickeltechnik GmbH<\/p>\n<\/blockquote>\n<p class=\"font-claude-response-body break-words whitespace-normal leading-&#091;1.7&#093;\">Desde hace m\u00e1s de 30 a\u00f1os somos sin\u00f3nimo de soluciones en la tecnolog\u00eda de bobinado industrial: desde componentes individuales hasta soluciones de sistema coordinadas. Con Mirko Knappmeier, en adelante aportaremos este know-how a\u00fan m\u00e1s directamente a sus proyectos. <\/p>\n<\/div><\/div><\/div><\/div><\/div>\n","protected":false},"excerpt":{"rendered":"","protected":false},"author":1,"featured_media":17310,"comment_status":"open","ping_status":"open","sticky":false,"template":"","format":"standard","meta":{"_acf_changed":false,"footnotes":""},"categories":[146],"tags":[],"class_list":["post-17309","post","type-post","status-publish","format-standard","has-post-thumbnail","hentry","category-novedades"],"acf":[],"yoast_head":"<!-- This site is optimized with the Yoast SEO Premium plugin v27.5 (Yoast SEO v27.5) - https:\/\/yoast.com\/product\/yoast-seo-premium-wordpress\/ -->\n<title>Mirko Knappmeier refuerza el departamento de ventas t\u00e9cnicas en IBD<\/title>\n<meta name=\"description\" content=\"Mirko Knappmeier es el nuevo ingeniero de ventas en IBD Wickeltechnik. Asesora a clientes a nivel nacional e internacional directamente in situ, en todas las fases del proyecto.\" \/>\n<meta name=\"robots\" content=\"index, follow, max-snippet:-1, max-image-preview:large, max-video-preview:-1\" \/>\n<link rel=\"canonical\" href=\"https:\/\/www.ibd-wt.de\/es\/2026\/04\/22\/nuevo-en-el-equipo-mirko-knappmeier-refuerza-nuestro-departamento-de-ventas-tecnicas\/\" \/>\n<meta property=\"og:locale\" content=\"es_ES\" \/>\n<meta property=\"og:type\" content=\"article\" \/>\n<meta property=\"og:title\" content=\"Mirko Knappmeier refuerza el departamento de ventas t\u00e9cnicas en IBD\" \/>\n<meta property=\"og:description\" content=\"Mirko Knappmeier es el nuevo ingeniero de ventas en IBD Wickeltechnik. Asesora a clientes a nivel nacional e internacional directamente in situ, en todas las fases del proyecto.\" \/>\n<meta property=\"og:url\" content=\"https:\/\/www.ibd-wt.de\/es\/2026\/04\/22\/nuevo-en-el-equipo-mirko-knappmeier-refuerza-nuestro-departamento-de-ventas-tecnicas\/\" \/>\n<meta property=\"og:site_name\" content=\"IBD Wickeltechnik GmbH\" \/>\n<meta property=\"article:publisher\" content=\"https:\/\/www.linkedin.com\/company\/9506296\/admin\" \/>\n<meta property=\"article:published_time\" content=\"2026-04-22T06:02:30+00:00\" \/>\n<meta property=\"article:modified_time\" content=\"2026-04-22T06:03:27+00:00\" \/>\n<meta property=\"og:image\" content=\"https:\/\/www.ibd-wt.de\/wp-content\/uploads\/2026\/04\/DSC0742-scaled.webp\" \/>\n\t<meta property=\"og:image:width\" content=\"2560\" \/>\n\t<meta property=\"og:image:height\" content=\"1706\" \/>\n\t<meta property=\"og:image:type\" content=\"image\/webp\" \/>\n<meta name=\"author\" content=\"SKuehne\" \/>\n<meta name=\"twitter:card\" content=\"summary_large_image\" \/>\n<meta name=\"twitter:title\" content=\"Nuevo en el equipo: Mirko Knappmeier refuerza nuestro departamento de ventas t\u00e9cnicas\" \/>\n<meta name=\"twitter:label1\" content=\"Escrito por\" \/>\n\t<meta name=\"twitter:data1\" content=\"SKuehne\" \/>\n\t<meta name=\"twitter:label2\" content=\"Tiempo de lectura\" \/>\n\t<meta name=\"twitter:data2\" content=\"2 minutos\" \/>\n<script type=\"application\/ld+json\" class=\"yoast-schema-graph\">{\"@context\":\"https:\\\/\\\/schema.org\",\"@graph\":[{\"@type\":\"Article\",\"@id\":\"https:\\\/\\\/www.ibd-wt.de\\\/es\\\/2026\\\/04\\\/22\\\/nuevo-en-el-equipo-mirko-knappmeier-refuerza-nuestro-departamento-de-ventas-tecnicas\\\/#article\",\"isPartOf\":{\"@id\":\"https:\\\/\\\/www.ibd-wt.de\\\/es\\\/2026\\\/04\\\/22\\\/nuevo-en-el-equipo-mirko-knappmeier-refuerza-nuestro-departamento-de-ventas-tecnicas\\\/\"},\"author\":{\"name\":\"SKuehne\",\"@id\":\"https:\\\/\\\/www.ibd-wt.de\\\/es\\\/#\\\/schema\\\/person\\\/7d595f4b503784a60e8be1d6a3c3d7da\"},\"headline\":\"Nuevo en el equipo: Mirko Knappmeier refuerza nuestro departamento de ventas t\u00e9cnicas\",\"datePublished\":\"2026-04-22T06:02:30+00:00\",\"dateModified\":\"2026-04-22T06:03:27+00:00\",\"mainEntityOfPage\":{\"@id\":\"https:\\\/\\\/www.ibd-wt.de\\\/es\\\/2026\\\/04\\\/22\\\/nuevo-en-el-equipo-mirko-knappmeier-refuerza-nuestro-departamento-de-ventas-tecnicas\\\/\"},\"wordCount\":461,\"commentCount\":0,\"publisher\":{\"@id\":\"https:\\\/\\\/www.ibd-wt.de\\\/es\\\/#organization\"},\"image\":{\"@id\":\"https:\\\/\\\/www.ibd-wt.de\\\/es\\\/2026\\\/04\\\/22\\\/nuevo-en-el-equipo-mirko-knappmeier-refuerza-nuestro-departamento-de-ventas-tecnicas\\\/#primaryimage\"},\"thumbnailUrl\":\"https:\\\/\\\/www.ibd-wt.de\\\/wp-content\\\/uploads\\\/2026\\\/04\\\/DSC0742-scaled.webp\",\"articleSection\":[\"Novedades\"],\"inLanguage\":\"es\",\"potentialAction\":[{\"@type\":\"CommentAction\",\"name\":\"Comment\",\"target\":[\"https:\\\/\\\/www.ibd-wt.de\\\/es\\\/2026\\\/04\\\/22\\\/nuevo-en-el-equipo-mirko-knappmeier-refuerza-nuestro-departamento-de-ventas-tecnicas\\\/#respond\"]}]},{\"@type\":\"WebPage\",\"@id\":\"https:\\\/\\\/www.ibd-wt.de\\\/es\\\/2026\\\/04\\\/22\\\/nuevo-en-el-equipo-mirko-knappmeier-refuerza-nuestro-departamento-de-ventas-tecnicas\\\/\",\"url\":\"https:\\\/\\\/www.ibd-wt.de\\\/es\\\/2026\\\/04\\\/22\\\/nuevo-en-el-equipo-mirko-knappmeier-refuerza-nuestro-departamento-de-ventas-tecnicas\\\/\",\"name\":\"Mirko Knappmeier refuerza el departamento de ventas t\u00e9cnicas en IBD\",\"isPartOf\":{\"@id\":\"https:\\\/\\\/www.ibd-wt.de\\\/es\\\/#website\"},\"primaryImageOfPage\":{\"@id\":\"https:\\\/\\\/www.ibd-wt.de\\\/es\\\/2026\\\/04\\\/22\\\/nuevo-en-el-equipo-mirko-knappmeier-refuerza-nuestro-departamento-de-ventas-tecnicas\\\/#primaryimage\"},\"image\":{\"@id\":\"https:\\\/\\\/www.ibd-wt.de\\\/es\\\/2026\\\/04\\\/22\\\/nuevo-en-el-equipo-mirko-knappmeier-refuerza-nuestro-departamento-de-ventas-tecnicas\\\/#primaryimage\"},\"thumbnailUrl\":\"https:\\\/\\\/www.ibd-wt.de\\\/wp-content\\\/uploads\\\/2026\\\/04\\\/DSC0742-scaled.webp\",\"datePublished\":\"2026-04-22T06:02:30+00:00\",\"dateModified\":\"2026-04-22T06:03:27+00:00\",\"description\":\"Mirko Knappmeier es el nuevo ingeniero de ventas en IBD Wickeltechnik. Asesora a clientes a nivel nacional e internacional directamente in situ, en todas las fases del proyecto.\",\"breadcrumb\":{\"@id\":\"https:\\\/\\\/www.ibd-wt.de\\\/es\\\/2026\\\/04\\\/22\\\/nuevo-en-el-equipo-mirko-knappmeier-refuerza-nuestro-departamento-de-ventas-tecnicas\\\/#breadcrumb\"},\"inLanguage\":\"es\",\"potentialAction\":[{\"@type\":\"ReadAction\",\"target\":[\"https:\\\/\\\/www.ibd-wt.de\\\/es\\\/2026\\\/04\\\/22\\\/nuevo-en-el-equipo-mirko-knappmeier-refuerza-nuestro-departamento-de-ventas-tecnicas\\\/\"]}]},{\"@type\":\"ImageObject\",\"inLanguage\":\"es\",\"@id\":\"https:\\\/\\\/www.ibd-wt.de\\\/es\\\/2026\\\/04\\\/22\\\/nuevo-en-el-equipo-mirko-knappmeier-refuerza-nuestro-departamento-de-ventas-tecnicas\\\/#primaryimage\",\"url\":\"https:\\\/\\\/www.ibd-wt.de\\\/wp-content\\\/uploads\\\/2026\\\/04\\\/DSC0742-scaled.webp\",\"contentUrl\":\"https:\\\/\\\/www.ibd-wt.de\\\/wp-content\\\/uploads\\\/2026\\\/04\\\/DSC0742-scaled.webp\",\"width\":2560,\"height\":1706,\"caption\":\"Mirko Knappmeier\"},{\"@type\":\"BreadcrumbList\",\"@id\":\"https:\\\/\\\/www.ibd-wt.de\\\/es\\\/2026\\\/04\\\/22\\\/nuevo-en-el-equipo-mirko-knappmeier-refuerza-nuestro-departamento-de-ventas-tecnicas\\\/#breadcrumb\",\"itemListElement\":[{\"@type\":\"ListItem\",\"position\":1,\"name\":\"Inicio\",\"item\":\"https:\\\/\\\/www.ibd-wt.de\\\/es\\\/inicio\\\/\"},{\"@type\":\"ListItem\",\"position\":2,\"name\":\"Nuevo en el equipo: Mirko Knappmeier refuerza nuestro departamento de ventas t\u00e9cnicas\"}]},{\"@type\":\"WebSite\",\"@id\":\"https:\\\/\\\/www.ibd-wt.de\\\/es\\\/#website\",\"url\":\"https:\\\/\\\/www.ibd-wt.de\\\/es\\\/\",\"name\":\"IBD Wickeltechnik GmbH\",\"description\":\"\",\"publisher\":{\"@id\":\"https:\\\/\\\/www.ibd-wt.de\\\/es\\\/#organization\"},\"potentialAction\":[{\"@type\":\"SearchAction\",\"target\":{\"@type\":\"EntryPoint\",\"urlTemplate\":\"https:\\\/\\\/www.ibd-wt.de\\\/es\\\/?s={search_term_string}\"},\"query-input\":{\"@type\":\"PropertyValueSpecification\",\"valueRequired\":true,\"valueName\":\"search_term_string\"}}],\"inLanguage\":\"es\"},{\"@type\":\"Organization\",\"@id\":\"https:\\\/\\\/www.ibd-wt.de\\\/es\\\/#organization\",\"name\":\"IBD Wickeltechnik GmbH\",\"url\":\"https:\\\/\\\/www.ibd-wt.de\\\/es\\\/\",\"logo\":{\"@type\":\"ImageObject\",\"inLanguage\":\"es\",\"@id\":\"https:\\\/\\\/www.ibd-wt.de\\\/es\\\/#\\\/schema\\\/logo\\\/image\\\/\",\"url\":\"https:\\\/\\\/www.ibd-wt.de\\\/wp-content\\\/uploads\\\/2025\\\/03\\\/footer_logo.svg\",\"contentUrl\":\"https:\\\/\\\/www.ibd-wt.de\\\/wp-content\\\/uploads\\\/2025\\\/03\\\/footer_logo.svg\",\"width\":184,\"height\":36,\"caption\":\"IBD Wickeltechnik GmbH\"},\"image\":{\"@id\":\"https:\\\/\\\/www.ibd-wt.de\\\/es\\\/#\\\/schema\\\/logo\\\/image\\\/\"},\"sameAs\":[\"https:\\\/\\\/www.linkedin.com\\\/company\\\/9506296\\\/admin\",\"https:\\\/\\\/www.youtube.com\\\/channel\\\/UClyShLXUKz8ksXFWg9z-aiQ?view_as=subscriber\",\"https:\\\/\\\/www.instagram.com\\\/ibd.wickeltechnik\\\/\"]},{\"@type\":\"Person\",\"@id\":\"https:\\\/\\\/www.ibd-wt.de\\\/es\\\/#\\\/schema\\\/person\\\/7d595f4b503784a60e8be1d6a3c3d7da\",\"name\":\"SKuehne\",\"sameAs\":[\"https:\\\/\\\/bedln.myrdbx.io\"],\"url\":\"https:\\\/\\\/www.ibd-wt.de\\\/es\\\/author\\\/skuehne\\\/\"}]}<\/script>\n<!-- \/ Yoast SEO Premium plugin. -->","yoast_head_json":{"title":"Mirko Knappmeier refuerza el departamento de ventas t\u00e9cnicas en IBD","description":"Mirko Knappmeier es el nuevo ingeniero de ventas en IBD Wickeltechnik. Asesora a clientes a nivel nacional e internacional directamente in situ, en todas las fases del proyecto.","robots":{"index":"index","follow":"follow","max-snippet":"max-snippet:-1","max-image-preview":"max-image-preview:large","max-video-preview":"max-video-preview:-1"},"canonical":"https:\/\/www.ibd-wt.de\/es\/2026\/04\/22\/nuevo-en-el-equipo-mirko-knappmeier-refuerza-nuestro-departamento-de-ventas-tecnicas\/","og_locale":"es_ES","og_type":"article","og_title":"Mirko Knappmeier refuerza el departamento de ventas t\u00e9cnicas en IBD","og_description":"Mirko Knappmeier es el nuevo ingeniero de ventas en IBD Wickeltechnik. Asesora a clientes a nivel nacional e internacional directamente in situ, en todas las fases del proyecto.","og_url":"https:\/\/www.ibd-wt.de\/es\/2026\/04\/22\/nuevo-en-el-equipo-mirko-knappmeier-refuerza-nuestro-departamento-de-ventas-tecnicas\/","og_site_name":"IBD Wickeltechnik GmbH","article_publisher":"https:\/\/www.linkedin.com\/company\/9506296\/admin","article_published_time":"2026-04-22T06:02:30+00:00","article_modified_time":"2026-04-22T06:03:27+00:00","og_image":[{"width":2560,"height":1706,"url":"https:\/\/www.ibd-wt.de\/wp-content\/uploads\/2026\/04\/DSC0742-scaled.webp","type":"image\/webp"}],"author":"SKuehne","twitter_card":"summary_large_image","twitter_title":"Nuevo en el equipo: Mirko Knappmeier refuerza nuestro departamento de ventas t\u00e9cnicas","twitter_misc":{"Escrito por":"SKuehne","Tiempo de lectura":"2 minutos"},"schema":{"@context":"https:\/\/schema.org","@graph":[{"@type":"Article","@id":"https:\/\/www.ibd-wt.de\/es\/2026\/04\/22\/nuevo-en-el-equipo-mirko-knappmeier-refuerza-nuestro-departamento-de-ventas-tecnicas\/#article","isPartOf":{"@id":"https:\/\/www.ibd-wt.de\/es\/2026\/04\/22\/nuevo-en-el-equipo-mirko-knappmeier-refuerza-nuestro-departamento-de-ventas-tecnicas\/"},"author":{"name":"SKuehne","@id":"https:\/\/www.ibd-wt.de\/es\/#\/schema\/person\/7d595f4b503784a60e8be1d6a3c3d7da"},"headline":"Nuevo en el equipo: Mirko Knappmeier refuerza nuestro departamento de ventas t\u00e9cnicas","datePublished":"2026-04-22T06:02:30+00:00","dateModified":"2026-04-22T06:03:27+00:00","mainEntityOfPage":{"@id":"https:\/\/www.ibd-wt.de\/es\/2026\/04\/22\/nuevo-en-el-equipo-mirko-knappmeier-refuerza-nuestro-departamento-de-ventas-tecnicas\/"},"wordCount":461,"commentCount":0,"publisher":{"@id":"https:\/\/www.ibd-wt.de\/es\/#organization"},"image":{"@id":"https:\/\/www.ibd-wt.de\/es\/2026\/04\/22\/nuevo-en-el-equipo-mirko-knappmeier-refuerza-nuestro-departamento-de-ventas-tecnicas\/#primaryimage"},"thumbnailUrl":"https:\/\/www.ibd-wt.de\/wp-content\/uploads\/2026\/04\/DSC0742-scaled.webp","articleSection":["Novedades"],"inLanguage":"es","potentialAction":[{"@type":"CommentAction","name":"Comment","target":["https:\/\/www.ibd-wt.de\/es\/2026\/04\/22\/nuevo-en-el-equipo-mirko-knappmeier-refuerza-nuestro-departamento-de-ventas-tecnicas\/#respond"]}]},{"@type":"WebPage","@id":"https:\/\/www.ibd-wt.de\/es\/2026\/04\/22\/nuevo-en-el-equipo-mirko-knappmeier-refuerza-nuestro-departamento-de-ventas-tecnicas\/","url":"https:\/\/www.ibd-wt.de\/es\/2026\/04\/22\/nuevo-en-el-equipo-mirko-knappmeier-refuerza-nuestro-departamento-de-ventas-tecnicas\/","name":"Mirko Knappmeier refuerza el departamento de ventas t\u00e9cnicas en IBD","isPartOf":{"@id":"https:\/\/www.ibd-wt.de\/es\/#website"},"primaryImageOfPage":{"@id":"https:\/\/www.ibd-wt.de\/es\/2026\/04\/22\/nuevo-en-el-equipo-mirko-knappmeier-refuerza-nuestro-departamento-de-ventas-tecnicas\/#primaryimage"},"image":{"@id":"https:\/\/www.ibd-wt.de\/es\/2026\/04\/22\/nuevo-en-el-equipo-mirko-knappmeier-refuerza-nuestro-departamento-de-ventas-tecnicas\/#primaryimage"},"thumbnailUrl":"https:\/\/www.ibd-wt.de\/wp-content\/uploads\/2026\/04\/DSC0742-scaled.webp","datePublished":"2026-04-22T06:02:30+00:00","dateModified":"2026-04-22T06:03:27+00:00","description":"Mirko Knappmeier es el nuevo ingeniero de ventas en IBD Wickeltechnik. Asesora a clientes a nivel nacional e internacional directamente in situ, en todas las fases del proyecto.","breadcrumb":{"@id":"https:\/\/www.ibd-wt.de\/es\/2026\/04\/22\/nuevo-en-el-equipo-mirko-knappmeier-refuerza-nuestro-departamento-de-ventas-tecnicas\/#breadcrumb"},"inLanguage":"es","potentialAction":[{"@type":"ReadAction","target":["https:\/\/www.ibd-wt.de\/es\/2026\/04\/22\/nuevo-en-el-equipo-mirko-knappmeier-refuerza-nuestro-departamento-de-ventas-tecnicas\/"]}]},{"@type":"ImageObject","inLanguage":"es","@id":"https:\/\/www.ibd-wt.de\/es\/2026\/04\/22\/nuevo-en-el-equipo-mirko-knappmeier-refuerza-nuestro-departamento-de-ventas-tecnicas\/#primaryimage","url":"https:\/\/www.ibd-wt.de\/wp-content\/uploads\/2026\/04\/DSC0742-scaled.webp","contentUrl":"https:\/\/www.ibd-wt.de\/wp-content\/uploads\/2026\/04\/DSC0742-scaled.webp","width":2560,"height":1706,"caption":"Mirko Knappmeier"},{"@type":"BreadcrumbList","@id":"https:\/\/www.ibd-wt.de\/es\/2026\/04\/22\/nuevo-en-el-equipo-mirko-knappmeier-refuerza-nuestro-departamento-de-ventas-tecnicas\/#breadcrumb","itemListElement":[{"@type":"ListItem","position":1,"name":"Inicio","item":"https:\/\/www.ibd-wt.de\/es\/inicio\/"},{"@type":"ListItem","position":2,"name":"Nuevo en el equipo: Mirko Knappmeier refuerza nuestro departamento de ventas t\u00e9cnicas"}]},{"@type":"WebSite","@id":"https:\/\/www.ibd-wt.de\/es\/#website","url":"https:\/\/www.ibd-wt.de\/es\/","name":"IBD Wickeltechnik GmbH","description":"","publisher":{"@id":"https:\/\/www.ibd-wt.de\/es\/#organization"},"potentialAction":[{"@type":"SearchAction","target":{"@type":"EntryPoint","urlTemplate":"https:\/\/www.ibd-wt.de\/es\/?s={search_term_string}"},"query-input":{"@type":"PropertyValueSpecification","valueRequired":true,"valueName":"search_term_string"}}],"inLanguage":"es"},{"@type":"Organization","@id":"https:\/\/www.ibd-wt.de\/es\/#organization","name":"IBD Wickeltechnik GmbH","url":"https:\/\/www.ibd-wt.de\/es\/","logo":{"@type":"ImageObject","inLanguage":"es","@id":"https:\/\/www.ibd-wt.de\/es\/#\/schema\/logo\/image\/","url":"https:\/\/www.ibd-wt.de\/wp-content\/uploads\/2025\/03\/footer_logo.svg","contentUrl":"https:\/\/www.ibd-wt.de\/wp-content\/uploads\/2025\/03\/footer_logo.svg","width":184,"height":36,"caption":"IBD Wickeltechnik GmbH"},"image":{"@id":"https:\/\/www.ibd-wt.de\/es\/#\/schema\/logo\/image\/"},"sameAs":["https:\/\/www.linkedin.com\/company\/9506296\/admin","https:\/\/www.youtube.com\/channel\/UClyShLXUKz8ksXFWg9z-aiQ?view_as=subscriber","https:\/\/www.instagram.com\/ibd.wickeltechnik\/"]},{"@type":"Person","@id":"https:\/\/www.ibd-wt.de\/es\/#\/schema\/person\/7d595f4b503784a60e8be1d6a3c3d7da","name":"SKuehne","sameAs":["https:\/\/bedln.myrdbx.io"],"url":"https:\/\/www.ibd-wt.de\/es\/author\/skuehne\/"}]}},"_links":{"self":[{"href":"https:\/\/www.ibd-wt.de\/es\/wp-json\/wp\/v2\/posts\/17309","targetHints":{"allow":["GET"]}}],"collection":[{"href":"https:\/\/www.ibd-wt.de\/es\/wp-json\/wp\/v2\/posts"}],"about":[{"href":"https:\/\/www.ibd-wt.de\/es\/wp-json\/wp\/v2\/types\/post"}],"author":[{"embeddable":true,"href":"https:\/\/www.ibd-wt.de\/es\/wp-json\/wp\/v2\/users\/1"}],"replies":[{"embeddable":true,"href":"https:\/\/www.ibd-wt.de\/es\/wp-json\/wp\/v2\/comments?post=17309"}],"version-history":[{"count":0,"href":"https:\/\/www.ibd-wt.de\/es\/wp-json\/wp\/v2\/posts\/17309\/revisions"}],"wp:featuredmedia":[{"embeddable":true,"href":"https:\/\/www.ibd-wt.de\/es\/wp-json\/wp\/v2\/media\/17310"}],"wp:attachment":[{"href":"https:\/\/www.ibd-wt.de\/es\/wp-json\/wp\/v2\/media?parent=17309"}],"wp:term":[{"taxonomy":"category","embeddable":true,"href":"https:\/\/www.ibd-wt.de\/es\/wp-json\/wp\/v2\/categories?post=17309"},{"taxonomy":"post_tag","embeddable":true,"href":"https:\/\/www.ibd-wt.de\/es\/wp-json\/wp\/v2\/tags?post=17309"}],"curies":[{"name":"wp","href":"https:\/\/api.w.org\/{rel}","templated":true}]}}